{"id":6169,"date":"2018-08-13T18:51:20","date_gmt":"2018-08-13T16:51:20","guid":{"rendered":"https:\/\/lecavo.ch\/soirees\/?p=6169"},"modified":"2019-01-21T20:35:26","modified_gmt":"2019-01-21T19:35:26","slug":"en-septembre-a-geneve-rencontre-avec-eva-delambre","status":"publish","type":"post","link":"https:\/\/lecavo.ch\/soirees\/en-septembre-a-geneve-rencontre-avec-eva-delambre\/","title":{"rendered":"En septembre 2018 \u00e0 Gen\u00e8ve : Rencontre avec Eva Delambre"},"content":{"rendered":"<p>Soumise et romanci\u00e8re, Eva Delambre nous transporte dans sa vision de la relation Domination \/ soumission au travers de ses romans BDSM dont la popularit\u00e9 n&rsquo;est plus \u00e0 d\u00e9montrer.<\/p>\n<p>Cinq ans apr\u00e8s son premier livre \u00ab\u00a0Devenir sienne\u00a0\u00bb, Eva vient \u00e0 Gen\u00e8ve pour pr\u00e9senter \u00ab\u00a0Abn\u00e9gation\u00a0\u00bb, le sixi\u00e8me opus&nbsp;de sa s\u00e9rie de romans &nbsp;et vous rencontrer pour une s\u00e9ance d&rsquo;\u00e9changes et de d\u00e9dicaces.<\/p>\n<p>Lib\u00e9rez vos agendas et rendez-vous <span style=\"text-decoration: underline;\">le jeudi 13 septembre 2018 de 18:30 \u00e0 22:00<\/span> au&nbsp;<span style=\"text-decoration: underline;\">restaurant Pasta &amp; Vino, rue du Stand 51, 1204 Gen\u00e8ve<\/span> (pr\u00e8s de la gare de Cornavin).<\/p>\n<p style=\"text-align: center;\"><strong><a href=\"https:\/\/www.placeminute.com\/dedicace\/seance_dedicace_et_echanges_avec_eva_delambre,1,25958.html\" target=\"_blank\" rel=\"noopener\">Informations et r\u00e9servations<\/a><\/strong><\/p>\n<p><em>Un grand merci \u00e0 Betty pour l&rsquo;organisation de cet \u00e9v\u00e8nement.<\/em><\/p>\n<p style=\"text-align: center;\"><a href=\"https:\/\/amzn.to\/2C229aC\" target=\"_blank\" rel=\"noopener\"><strong>D\u00e9couvrez Abn\u00e9gation<\/strong><\/a><\/p>\n<p style=\"text-align: center;\">D\u00e9couvrez Eva Delambre :<\/p>\n<p style=\"text-align: center;\"><a href=\"http:\/\/www.evadelambre.com\" target=\"_blank\" rel=\"noopener\">http:\/\/www.evadelambre.com<\/a><\/p>\n<p style=\"text-align: center;\"><a href=\"https:\/\/www.facebook.com\/eva.delambre\" target=\"_blank\" rel=\"noopener\">https:\/\/www.facebook.com\/eva.delambre<\/a><\/p>\n","protected":false},"excerpt":{"rendered":"<p>Cinq ans apr\u00e8s son premier livre \u00ab\u00a0Devenir sienne\u00a0\u00bb, Eva vient \u00e0 Gen\u00e8ve pour nous pr\u00e9senter le sixi\u00e8me opus de sa s\u00e9rie de romans \u00ab\u00a0Abn\u00e9gation\u00a0\u00bb pour une s\u00e9ance d&rsquo;\u00e9changes et de d\u00e9dicaces.<\/p>\n","protected":false},"author":1,"featured_media":6176,"comment_status":"open","ping_status":"open","sticky":false,"template":"","format":"standard","meta":{"footnotes":""},"categories":[106],"tags":[182,180,183,181],"class_list":["post-6169","post","type-post","status-publish","format-standard","has-post-thumbnail","hentry","category-nouveautes","tag-abnegation","tag-dedicace","tag-eva-delambre","tag-roman"],"yoast_head":"<!-- This site is optimized with the Yoast SEO plugin v27.1.1 - https:\/\/yoast.com\/product\/yoast-seo-wordpress\/ -->\n<title>En septembre 2018 \u00e0 Gen\u00e8ve : Rencontre avec Eva Delambre - Le CavO<\/title>\n<meta name=\"description\" content=\"Cinq ans apr\u00e8s son premier livre &quot;\u00catre sienne&quot;, Eva Delambre vient \u00e0 Gen\u00e8ve pour nous pr\u00e9senter le sixi\u00e8me opus de sa s\u00e9rie de romans &quot;Abn\u00e9gation&quot;.\" \/>\n<meta name=\"robots\" content=\"index, follow, max-snippet:-1, max-image-preview:large, max-video-preview:-1\" \/>\n<link rel=\"canonical\" href=\"https:\/\/lecavo.ch\/soirees\/en-septembre-a-geneve-rencontre-avec-eva-delambre\/\" \/>\n<meta property=\"og:locale\" content=\"fr_FR\" \/>\n<meta property=\"og:type\" content=\"article\" \/>\n<meta property=\"og:title\" content=\"En septembre 2018 \u00e0 Gen\u00e8ve : Rencontre avec Eva Delambre - Le CavO\" \/>\n<meta property=\"og:description\" content=\"Cinq ans apr\u00e8s son premier livre &quot;\u00catre sienne&quot;, Eva Delambre vient \u00e0 Gen\u00e8ve pour nous pr\u00e9senter le sixi\u00e8me opus de sa s\u00e9rie de romans &quot;Abn\u00e9gation&quot;.\" \/>\n<meta property=\"og:url\" content=\"https:\/\/lecavo.ch\/soirees\/en-septembre-a-geneve-rencontre-avec-eva-delambre\/\" \/>\n<meta property=\"og:site_name\" content=\"Le CavO\" \/>\n<meta property=\"article:published_time\" content=\"2018-08-13T16:51:20+00:00\" \/>\n<meta property=\"article:modified_time\" content=\"2019-01-21T19:35:26+00:00\" \/>\n<meta property=\"og:image\" content=\"https:\/\/lecavo.ch\/soirees\/wp-content\/uploads\/eva-delambre-abnegation.jpg\" \/>\n\t<meta property=\"og:image:width\" content=\"198\" \/>\n\t<meta property=\"og:image:height\" content=\"320\" \/>\n\t<meta property=\"og:image:type\" content=\"image\/jpeg\" \/>\n<meta name=\"author\" content=\"Le CavO\" \/>\n<meta name=\"twitter:card\" content=\"summary_large_image\" \/>\n<meta name=\"twitter:creator\" content=\"@Le_CavO\" \/>\n<meta name=\"twitter:site\" content=\"@Le_CavO\" \/>\n<meta name=\"twitter:label1\" content=\"\u00c9crit par\" \/>\n\t<meta name=\"twitter:data1\" content=\"Le CavO\" \/>\n\t<meta name=\"twitter:label2\" content=\"Dur\u00e9e de lecture estim\u00e9e\" \/>\n\t<meta name=\"twitter:data2\" content=\"1 minute\" \/>\n<script type=\"application\/ld+json\" class=\"yoast-schema-graph\">{\"@context\":\"https:\/\/schema.org\",\"@graph\":[{\"@type\":\"Article\",\"@id\":\"https:\/\/lecavo.ch\/soirees\/en-septembre-a-geneve-rencontre-avec-eva-delambre\/#article\",\"isPartOf\":{\"@id\":\"https:\/\/lecavo.ch\/soirees\/en-septembre-a-geneve-rencontre-avec-eva-delambre\/\"},\"author\":{\"name\":\"Le CavO\",\"@id\":\"https:\/\/lecavo.ch\/soirees\/#\/schema\/person\/0250be2159f0c169e5a02c51a2133842\"},\"headline\":\"En septembre 2018 \u00e0 Gen\u00e8ve : Rencontre avec Eva Delambre\",\"datePublished\":\"2018-08-13T16:51:20+00:00\",\"dateModified\":\"2019-01-21T19:35:26+00:00\",\"mainEntityOfPage\":{\"@id\":\"https:\/\/lecavo.ch\/soirees\/en-septembre-a-geneve-rencontre-avec-eva-delambre\/\"},\"wordCount\":142,\"commentCount\":0,\"publisher\":{\"@id\":\"https:\/\/lecavo.ch\/soirees\/#\/schema\/person\/0250be2159f0c169e5a02c51a2133842\"},\"image\":{\"@id\":\"https:\/\/lecavo.ch\/soirees\/en-septembre-a-geneve-rencontre-avec-eva-delambre\/#primaryimage\"},\"thumbnailUrl\":\"https:\/\/lecavo.ch\/soirees\/wp-content\/uploads\/eva-delambre-abnegation.jpg\",\"keywords\":[\"abn\u00e9gation\",\"d\u00e9dicace\",\"Eva Delambre\",\"roman\"],\"articleSection\":[\"Nouveaut\u00e9s\"],\"inLanguage\":\"fr-FR\",\"potentialAction\":[{\"@type\":\"CommentAction\",\"name\":\"Comment\",\"target\":[\"https:\/\/lecavo.ch\/soirees\/en-septembre-a-geneve-rencontre-avec-eva-delambre\/#respond\"]}]},{\"@type\":\"WebPage\",\"@id\":\"https:\/\/lecavo.ch\/soirees\/en-septembre-a-geneve-rencontre-avec-eva-delambre\/\",\"url\":\"https:\/\/lecavo.ch\/soirees\/en-septembre-a-geneve-rencontre-avec-eva-delambre\/\",\"name\":\"En septembre 2018 \u00e0 Gen\u00e8ve : Rencontre avec Eva Delambre - Le CavO\",\"isPartOf\":{\"@id\":\"https:\/\/lecavo.ch\/soirees\/#website\"},\"primaryImageOfPage\":{\"@id\":\"https:\/\/lecavo.ch\/soirees\/en-septembre-a-geneve-rencontre-avec-eva-delambre\/#primaryimage\"},\"image\":{\"@id\":\"https:\/\/lecavo.ch\/soirees\/en-septembre-a-geneve-rencontre-avec-eva-delambre\/#primaryimage\"},\"thumbnailUrl\":\"https:\/\/lecavo.ch\/soirees\/wp-content\/uploads\/eva-delambre-abnegation.jpg\",\"datePublished\":\"2018-08-13T16:51:20+00:00\",\"dateModified\":\"2019-01-21T19:35:26+00:00\",\"description\":\"Cinq ans apr\u00e8s son premier livre \\\"\u00catre sienne\\\", Eva Delambre vient \u00e0 Gen\u00e8ve pour nous pr\u00e9senter le sixi\u00e8me opus de sa s\u00e9rie de romans \\\"Abn\u00e9gation\\\".\",\"breadcrumb\":{\"@id\":\"https:\/\/lecavo.ch\/soirees\/en-septembre-a-geneve-rencontre-avec-eva-delambre\/#breadcrumb\"},\"inLanguage\":\"fr-FR\",\"potentialAction\":[{\"@type\":\"ReadAction\",\"target\":[\"https:\/\/lecavo.ch\/soirees\/en-septembre-a-geneve-rencontre-avec-eva-delambre\/\"]}]},{\"@type\":\"ImageObject\",\"inLanguage\":\"fr-FR\",\"@id\":\"https:\/\/lecavo.ch\/soirees\/en-septembre-a-geneve-rencontre-avec-eva-delambre\/#primaryimage\",\"url\":\"https:\/\/lecavo.ch\/soirees\/wp-content\/uploads\/eva-delambre-abnegation.jpg\",\"contentUrl\":\"https:\/\/lecavo.ch\/soirees\/wp-content\/uploads\/eva-delambre-abnegation.jpg\",\"width\":198,\"height\":320,\"caption\":\"Eva Delambre - Abn\u00e9gation\"},{\"@type\":\"BreadcrumbList\",\"@id\":\"https:\/\/lecavo.ch\/soirees\/en-septembre-a-geneve-rencontre-avec-eva-delambre\/#breadcrumb\",\"itemListElement\":[{\"@type\":\"ListItem\",\"position\":1,\"name\":\"Accueil\",\"item\":\"https:\/\/lecavo.ch\/soirees\/\"},{\"@type\":\"ListItem\",\"position\":2,\"name\":\"En septembre 2018 \u00e0 Gen\u00e8ve : Rencontre avec Eva Delambre\"}]},{\"@type\":\"WebSite\",\"@id\":\"https:\/\/lecavo.ch\/soirees\/#website\",\"url\":\"https:\/\/lecavo.ch\/soirees\/\",\"name\":\"Le CavO\",\"description\":\"Ev\u00e8nements et Soir\u00e9es BDSM en Suisse Romande\",\"publisher\":{\"@id\":\"https:\/\/lecavo.ch\/soirees\/#\/schema\/person\/0250be2159f0c169e5a02c51a2133842\"},\"potentialAction\":[{\"@type\":\"SearchAction\",\"target\":{\"@type\":\"EntryPoint\",\"urlTemplate\":\"https:\/\/lecavo.ch\/soirees\/?s={search_term_string}\"},\"query-input\":{\"@type\":\"PropertyValueSpecification\",\"valueRequired\":true,\"valueName\":\"search_term_string\"}}],\"inLanguage\":\"fr-FR\"},{\"@type\":[\"Person\",\"Organization\"],\"@id\":\"https:\/\/lecavo.ch\/soirees\/#\/schema\/person\/0250be2159f0c169e5a02c51a2133842\",\"name\":\"Le CavO\",\"logo\":{\"@id\":\"https:\/\/lecavo.ch\/soirees\/#\/schema\/person\/image\/\"},\"sameAs\":[\"https:\/\/lecavo.ch\"],\"url\":\"https:\/\/lecavo.ch\/soirees\/author\/admin\/\"}]}<\/script>\n<!-- \/ Yoast SEO plugin. -->","yoast_head_json":{"title":"En septembre 2018 \u00e0 Gen\u00e8ve : Rencontre avec Eva Delambre - Le CavO","description":"Cinq ans apr\u00e8s son premier livre \"\u00catre sienne\", Eva Delambre vient \u00e0 Gen\u00e8ve pour nous pr\u00e9senter le sixi\u00e8me opus de sa s\u00e9rie de romans \"Abn\u00e9gation\".","robots":{"index":"index","follow":"follow","max-snippet":"max-snippet:-1","max-image-preview":"max-image-preview:large","max-video-preview":"max-video-preview:-1"},"canonical":"https:\/\/lecavo.ch\/soirees\/en-septembre-a-geneve-rencontre-avec-eva-delambre\/","og_locale":"fr_FR","og_type":"article","og_title":"En septembre 2018 \u00e0 Gen\u00e8ve : Rencontre avec Eva Delambre - Le CavO","og_description":"Cinq ans apr\u00e8s son premier livre \"\u00catre sienne\", Eva Delambre vient \u00e0 Gen\u00e8ve pour nous pr\u00e9senter le sixi\u00e8me opus de sa s\u00e9rie de romans \"Abn\u00e9gation\".","og_url":"https:\/\/lecavo.ch\/soirees\/en-septembre-a-geneve-rencontre-avec-eva-delambre\/","og_site_name":"Le CavO","article_published_time":"2018-08-13T16:51:20+00:00","article_modified_time":"2019-01-21T19:35:26+00:00","og_image":[{"width":198,"height":320,"url":"https:\/\/lecavo.ch\/soirees\/wp-content\/uploads\/eva-delambre-abnegation.jpg","type":"image\/jpeg"}],"author":"Le CavO","twitter_card":"summary_large_image","twitter_creator":"@Le_CavO","twitter_site":"@Le_CavO","twitter_misc":{"\u00c9crit par":"Le CavO","Dur\u00e9e de lecture estim\u00e9e":"1 minute"},"schema":{"@context":"https:\/\/schema.org","@graph":[{"@type":"Article","@id":"https:\/\/lecavo.ch\/soirees\/en-septembre-a-geneve-rencontre-avec-eva-delambre\/#article","isPartOf":{"@id":"https:\/\/lecavo.ch\/soirees\/en-septembre-a-geneve-rencontre-avec-eva-delambre\/"},"author":{"name":"Le CavO","@id":"https:\/\/lecavo.ch\/soirees\/#\/schema\/person\/0250be2159f0c169e5a02c51a2133842"},"headline":"En septembre 2018 \u00e0 Gen\u00e8ve : Rencontre avec Eva Delambre","datePublished":"2018-08-13T16:51:20+00:00","dateModified":"2019-01-21T19:35:26+00:00","mainEntityOfPage":{"@id":"https:\/\/lecavo.ch\/soirees\/en-septembre-a-geneve-rencontre-avec-eva-delambre\/"},"wordCount":142,"commentCount":0,"publisher":{"@id":"https:\/\/lecavo.ch\/soirees\/#\/schema\/person\/0250be2159f0c169e5a02c51a2133842"},"image":{"@id":"https:\/\/lecavo.ch\/soirees\/en-septembre-a-geneve-rencontre-avec-eva-delambre\/#primaryimage"},"thumbnailUrl":"https:\/\/lecavo.ch\/soirees\/wp-content\/uploads\/eva-delambre-abnegation.jpg","keywords":["abn\u00e9gation","d\u00e9dicace","Eva Delambre","roman"],"articleSection":["Nouveaut\u00e9s"],"inLanguage":"fr-FR","potentialAction":[{"@type":"CommentAction","name":"Comment","target":["https:\/\/lecavo.ch\/soirees\/en-septembre-a-geneve-rencontre-avec-eva-delambre\/#respond"]}]},{"@type":"WebPage","@id":"https:\/\/lecavo.ch\/soirees\/en-septembre-a-geneve-rencontre-avec-eva-delambre\/","url":"https:\/\/lecavo.ch\/soirees\/en-septembre-a-geneve-rencontre-avec-eva-delambre\/","name":"En septembre 2018 \u00e0 Gen\u00e8ve : Rencontre avec Eva Delambre - Le CavO","isPartOf":{"@id":"https:\/\/lecavo.ch\/soirees\/#website"},"primaryImageOfPage":{"@id":"https:\/\/lecavo.ch\/soirees\/en-septembre-a-geneve-rencontre-avec-eva-delambre\/#primaryimage"},"image":{"@id":"https:\/\/lecavo.ch\/soirees\/en-septembre-a-geneve-rencontre-avec-eva-delambre\/#primaryimage"},"thumbnailUrl":"https:\/\/lecavo.ch\/soirees\/wp-content\/uploads\/eva-delambre-abnegation.jpg","datePublished":"2018-08-13T16:51:20+00:00","dateModified":"2019-01-21T19:35:26+00:00","description":"Cinq ans apr\u00e8s son premier livre \"\u00catre sienne\", Eva Delambre vient \u00e0 Gen\u00e8ve pour nous pr\u00e9senter le sixi\u00e8me opus de sa s\u00e9rie de romans \"Abn\u00e9gation\".","breadcrumb":{"@id":"https:\/\/lecavo.ch\/soirees\/en-septembre-a-geneve-rencontre-avec-eva-delambre\/#breadcrumb"},"inLanguage":"fr-FR","potentialAction":[{"@type":"ReadAction","target":["https:\/\/lecavo.ch\/soirees\/en-septembre-a-geneve-rencontre-avec-eva-delambre\/"]}]},{"@type":"ImageObject","inLanguage":"fr-FR","@id":"https:\/\/lecavo.ch\/soirees\/en-septembre-a-geneve-rencontre-avec-eva-delambre\/#primaryimage","url":"https:\/\/lecavo.ch\/soirees\/wp-content\/uploads\/eva-delambre-abnegation.jpg","contentUrl":"https:\/\/lecavo.ch\/soirees\/wp-content\/uploads\/eva-delambre-abnegation.jpg","width":198,"height":320,"caption":"Eva Delambre - Abn\u00e9gation"},{"@type":"BreadcrumbList","@id":"https:\/\/lecavo.ch\/soirees\/en-septembre-a-geneve-rencontre-avec-eva-delambre\/#breadcrumb","itemListElement":[{"@type":"ListItem","position":1,"name":"Accueil","item":"https:\/\/lecavo.ch\/soirees\/"},{"@type":"ListItem","position":2,"name":"En septembre 2018 \u00e0 Gen\u00e8ve : Rencontre avec Eva Delambre"}]},{"@type":"WebSite","@id":"https:\/\/lecavo.ch\/soirees\/#website","url":"https:\/\/lecavo.ch\/soirees\/","name":"Le CavO","description":"Ev\u00e8nements et Soir\u00e9es BDSM en Suisse Romande","publisher":{"@id":"https:\/\/lecavo.ch\/soirees\/#\/schema\/person\/0250be2159f0c169e5a02c51a2133842"},"potentialAction":[{"@type":"SearchAction","target":{"@type":"EntryPoint","urlTemplate":"https:\/\/lecavo.ch\/soirees\/?s={search_term_string}"},"query-input":{"@type":"PropertyValueSpecification","valueRequired":true,"valueName":"search_term_string"}}],"inLanguage":"fr-FR"},{"@type":["Person","Organization"],"@id":"https:\/\/lecavo.ch\/soirees\/#\/schema\/person\/0250be2159f0c169e5a02c51a2133842","name":"Le CavO","logo":{"@id":"https:\/\/lecavo.ch\/soirees\/#\/schema\/person\/image\/"},"sameAs":["https:\/\/lecavo.ch"],"url":"https:\/\/lecavo.ch\/soirees\/author\/admin\/"}]}},"_links":{"self":[{"href":"https:\/\/lecavo.ch\/soirees\/wp-json\/wp\/v2\/posts\/6169","targetHints":{"allow":["GET"]}}],"collection":[{"href":"https:\/\/lecavo.ch\/soirees\/wp-json\/wp\/v2\/posts"}],"about":[{"href":"https:\/\/lecavo.ch\/soirees\/wp-json\/wp\/v2\/types\/post"}],"author":[{"embeddable":true,"href":"https:\/\/lecavo.ch\/soirees\/wp-json\/wp\/v2\/users\/1"}],"replies":[{"embeddable":true,"href":"https:\/\/lecavo.ch\/soirees\/wp-json\/wp\/v2\/comments?post=6169"}],"version-history":[{"count":0,"href":"https:\/\/lecavo.ch\/soirees\/wp-json\/wp\/v2\/posts\/6169\/revisions"}],"wp:featuredmedia":[{"embeddable":true,"href":"https:\/\/lecavo.ch\/soirees\/wp-json\/wp\/v2\/media\/6176"}],"wp:attachment":[{"href":"https:\/\/lecavo.ch\/soirees\/wp-json\/wp\/v2\/media?parent=6169"}],"wp:term":[{"taxonomy":"category","embeddable":true,"href":"https:\/\/lecavo.ch\/soirees\/wp-json\/wp\/v2\/categories?post=6169"},{"taxonomy":"post_tag","embeddable":true,"href":"https:\/\/lecavo.ch\/soirees\/wp-json\/wp\/v2\/tags?post=6169"}],"curies":[{"name":"wp","href":"https:\/\/api.w.org\/{rel}","templated":true}]}}